{"id":472,"date":"2011-02-04T11:22:31","date_gmt":"2011-02-04T13:22:31","guid":{"rendered":"http:\/\/sindicato.org.br\/?p=472"},"modified":"2017-10-03T11:22:42","modified_gmt":"2017-10-03T14:22:42","slug":"comunicado-importante-relogio-de-ponto-eletronico","status":"publish","type":"post","link":"https:\/\/sinbi.org.br\/noticias\/2011\/02\/04\/comunicado-importante-relogio-de-ponto-eletronico\/","title":{"rendered":"COMUNICADO IMPORTANTE: REL\u00d3GIO DE PONTO ELETR\u00d4NICO"},"content":{"rendered":"<p>A Portaria n\u00ba 1987\/10 (que alterou a 1510\/09), ambas do MTe, que determinou a utiliza\u00e7\u00e3o de rel\u00f3gio de pontos eletr\u00f4nico est\u00e1 em vigor, ou seja, a obriga\u00e7\u00e3o de usar, caso a marca\u00e7\u00e3o de ponto for eletr\u00f4nica, ser\u00e1 exigida a partir de 1\u00ba. de mar\u00e7o de 2011.<\/p>\n<p>\u00c9 de ser ressaltado, que a Portaria s\u00f3 traz obriga\u00e7\u00f5es para os usu\u00e1rios de Registrador Eletr\u00f4nico de Ponto REP, desobrigando, portanto, os usu\u00e1rios de outras formas de controle (rel\u00f3gios cartogr\u00e1ficos por. ex.).<\/p>\n<p>A FIESP (Federa\u00e7\u00e3o das Ind\u00fastrias do Estado de SP) est\u00e1 envidando esfor\u00e7os para que esse prazo seja estendido, enviando oficio ao Minist\u00e9rio do Trabalho e Emprego &#8211; MTE, requerendo que fosse adiada a data da vig\u00eancia da referida Portaria n\u00ba 1510\/09 (Ponto Eletr\u00f4nico) at\u00e9 que o assunto tivesse definitivamente seu entendimento e aplicabilidade pacificados.<\/p>\n<p>At\u00e9 a presente data a FIESP n\u00e3o obteve resposta ao of\u00edcio acima mencionado.<\/p>\n<p>O SINBI manter\u00e1 os Senhores informados sobre qualquer altera\u00e7\u00e3o da data para o come\u00e7o da utiliza\u00e7\u00e3o do REP &#8211; Rel\u00f3gio de Ponto Eletr\u00f4nico, LEMBRANDO QUE A DATA PREVISTA \u00c9 01\/03\/2011.<\/p>\n","protected":false},"excerpt":{"rendered":"<p>A Portaria n\u00ba 1987\/10 (que alterou a 1510\/09), ambas do MTe, que determinou a utiliza\u00e7\u00e3o de rel\u00f3gio de pontos eletr\u00f4nico est\u00e1 em vigor, ou seja, a obriga\u00e7\u00e3o de usar, caso a marca\u00e7\u00e3o de ponto for eletr\u00f4nica, ser\u00e1 exigida a partir de 1\u00ba. de mar\u00e7o de 2011. \u00c9 de ser ressaltado, [&hellip;]<\/p>\n","protected":false},"author":8,"featured_media":0,"comment_status":"open","ping_status":"open","sticky":false,"template":"","format":"standard","meta":{"footnotes":""},"categories":[1],"tags":[],"_links":{"self":[{"href":"https:\/\/sinbi.org.br\/noticias\/wp-json\/wp\/v2\/posts\/472"}],"collection":[{"href":"https:\/\/sinbi.org.br\/noticias\/wp-json\/wp\/v2\/posts"}],"about":[{"href":"https:\/\/sinbi.org.br\/noticias\/wp-json\/wp\/v2\/types\/post"}],"author":[{"embeddable":true,"href":"https:\/\/sinbi.org.br\/noticias\/wp-json\/wp\/v2\/users\/8"}],"replies":[{"embeddable":true,"href":"https:\/\/sinbi.org.br\/noticias\/wp-json\/wp\/v2\/comments?post=472"}],"version-history":[{"count":1,"href":"https:\/\/sinbi.org.br\/noticias\/wp-json\/wp\/v2\/posts\/472\/revisions"}],"predecessor-version":[{"id":473,"href":"https:\/\/sinbi.org.br\/noticias\/wp-json\/wp\/v2\/posts\/472\/revisions\/473"}],"wp:attachment":[{"href":"https:\/\/sinbi.org.br\/noticias\/wp-json\/wp\/v2\/media?parent=472"}],"wp:term":[{"taxonomy":"category","embeddable":true,"href":"https:\/\/sinbi.org.br\/noticias\/wp-json\/wp\/v2\/categories?post=472"},{"taxonomy":"post_tag","embeddable":true,"href":"https:\/\/sinbi.org.br\/noticias\/wp-json\/wp\/v2\/tags?post=472"}],"curies":[{"name":"wp","href":"https:\/\/api.w.org\/{rel}","templated":true}]}}