{"id":25624,"date":"2024-06-18T14:44:39","date_gmt":"2024-06-18T17:44:39","guid":{"rendered":"https:\/\/sinbi.org.br\/noticias\/?p=25624"},"modified":"2024-06-18T14:44:39","modified_gmt":"2024-06-18T17:44:39","slug":"manha-empresarial-conexoes-estrategicas","status":"publish","type":"post","link":"https:\/\/sinbi.org.br\/noticias\/2024\/06\/18\/manha-empresarial-conexoes-estrategicas\/","title":{"rendered":"Manh\u00e3 Empresarial &#8211; Conex\u00f5es Estrat\u00e9gicas"},"content":{"rendered":"<p>No dia 13 de junho de 2024, ocorreu o evento &#8220;Manh\u00e3 Empresarial: Conex\u00f5es Estrat\u00e9gicas&#8221;, voltado para empres\u00e1rios e gestores de Recursos Humanos. Realizado pelo SINBI, UNISINBI e SENAI, o encontro foi um sucesso ao abordar a integra\u00e7\u00e3o de menores aprendizes nas empresas e os benef\u00edcios dessa pr\u00e1tica para o desenvolvimento organizacional e social.<\/p>\n<p>O evento iniciou-se com uma recep\u00e7\u00e3o aos participantes, seguido pela abertura oficial que destacou a relev\u00e2ncia do tema. Durante a manh\u00e3, exploraram estrat\u00e9gias eficazes para desenvolver e aproveitar o potencial dos jovens talentos, promovendo inova\u00e7\u00e3o e crescimento sustent\u00e1vel dentro das empresas.<\/p>\n<p><strong>Principais Temas Abordados<\/strong><\/p>\n<p><strong>Olhar para o Aprendiz Al\u00e9m do Cumprimento de Cota<\/strong><br \/>\nRepresentantes do SENAI apresentaram uma perspectiva diferenciada sobre a inclus\u00e3o de menores aprendizes, ressaltando a import\u00e2ncia de enxergar esses jovens n\u00e3o apenas como um cumprimento de cota, mas como um investimento estrat\u00e9gico no futuro da empresa. A palestra destacou como uma abordagem bem estruturada pode transformar a presen\u00e7a dos aprendizes em uma vantagem competitiva.<\/p>\n<p><strong>Como Aproveitar e Fomentar Essa Gera\u00e7\u00e3o Futura<\/strong><br \/>\nO SINBI trouxe insights valiosos sobre como fomentar e integrar de forma eficaz os menores aprendizes, garantindo que eles possam contribuir significativamente para o crescimento da empresa. Foram discutidas estrat\u00e9gias de desenvolvimento, capacita\u00e7\u00e3o e engajamento dos jovens, criando um ambiente prop\u00edcio para a inova\u00e7\u00e3o e sustentabilidade.<\/p>\n<p><strong>Cases de Sucesso: Aprendiz e Empresa<\/strong><br \/>\nUma das sess\u00f5es mais inspiradoras do evento foi a apresenta\u00e7\u00e3o de cases de sucesso, compartilharam experi\u00eancias dos aprendizes e resultados positivos. Esses relatos evidenciaram como a integra\u00e7\u00e3o de menores aprendizes pode resultar em benef\u00edcios m\u00fatuos, impulsionando tanto o desenvolvimento profissional dos jovens quanto o crescimento organizacional.<\/p>\n<p><strong>Encerramento com Visita Guiada<\/strong><\/p>\n<p>Para encerrar a manh\u00e3, os participantes tiveram a oportunidade de participar de uma visita guiada pelos aprendizes do Senai. Essa atividade proporcionou uma vis\u00e3o pr\u00e1tica de como o aprendizado te\u00f3rico \u00e9 aplicado no dia a dia, fortalecendo a compreens\u00e3o sobre a import\u00e2ncia da forma\u00e7\u00e3o t\u00e9cnica e profissional dos jovens.<\/p>\n\n\t\t<style type=\"text\/css\">\n\t\t\t#gallery-1 {\n\t\t\t\tmargin: auto;\n\t\t\t}\n\t\t\t#gallery-1 .gallery-item {\n\t\t\t\tfloat: left;\n\t\t\t\tmargin-top: 10px;\n\t\t\t\ttext-align: center;\n\t\t\t\twidth: 33%;\n\t\t\t}\n\t\t\t#gallery-1 img {\n\t\t\t\tborder: 2px solid #cfcfcf;\n\t\t\t}\n\t\t\t#gallery-1 .gallery-caption {\n\t\t\t\tmargin-left: 0;\n\t\t\t}\n\t\t\t\/* see gallery_shortcode() in wp-includes\/media.php *\/\n\t\t<\/style>\n\t\t<div id='gallery-1' class='gallery galleryid-25624 gallery-columns-3 gallery-size-thumbnail'><dl class='gallery-item'>\n\t\t\t<dt class='gallery-icon landscape'>\n\t\t\t\t<a href='https:\/\/sinbi.org.br\/noticias\/wp-content\/uploads\/2024\/06\/Manha-Empresarial-13-06-SELEC-4.jpeg'><img loading=\"lazy\" decoding=\"async\" width=\"150\" height=\"150\" src=\"https:\/\/sinbi.org.br\/noticias\/wp-content\/uploads\/2024\/06\/Manha-Empresarial-13-06-SELEC-4-150x150.jpeg\" class=\"attachment-thumbnail size-thumbnail\" alt=\"\" srcset=\"https:\/\/sinbi.org.br\/noticias\/wp-content\/uploads\/2024\/06\/Manha-Empresarial-13-06-SELEC-4-150x150.jpeg 150w, https:\/\/sinbi.org.br\/noticias\/wp-content\/uploads\/2024\/06\/Manha-Empresarial-13-06-SELEC-4-60x60.jpeg 60w, https:\/\/sinbi.org.br\/noticias\/wp-content\/uploads\/2024\/06\/Manha-Empresarial-13-06-SELEC-4-400x400.jpeg 400w\" sizes=\"(max-width: 150px) 100vw, 150px\" \/><\/a>\n\t\t\t<\/dt><\/dl><dl class='gallery-item'>\n\t\t\t<dt class='gallery-icon landscape'>\n\t\t\t\t<a href='https:\/\/sinbi.org.br\/noticias\/wp-content\/uploads\/2024\/06\/Manha-Empresarial-13-06-SELEC-3.jpeg'><img loading=\"lazy\" decoding=\"async\" width=\"150\" height=\"150\" src=\"https:\/\/sinbi.org.br\/noticias\/wp-content\/uploads\/2024\/06\/Manha-Empresarial-13-06-SELEC-3-150x150.jpeg\" class=\"attachment-thumbnail size-thumbnail\" alt=\"\" srcset=\"https:\/\/sinbi.org.br\/noticias\/wp-content\/uploads\/2024\/06\/Manha-Empresarial-13-06-SELEC-3-150x150.jpeg 150w, https:\/\/sinbi.org.br\/noticias\/wp-content\/uploads\/2024\/06\/Manha-Empresarial-13-06-SELEC-3-60x60.jpeg 60w, https:\/\/sinbi.org.br\/noticias\/wp-content\/uploads\/2024\/06\/Manha-Empresarial-13-06-SELEC-3-400x400.jpeg 400w\" sizes=\"(max-width: 150px) 100vw, 150px\" \/><\/a>\n\t\t\t<\/dt><\/dl><dl class='gallery-item'>\n\t\t\t<dt class='gallery-icon landscape'>\n\t\t\t\t<a href='https:\/\/sinbi.org.br\/noticias\/wp-content\/uploads\/2024\/06\/Manha-Empresarial-13-06-SELEC-2.jpeg'><img loading=\"lazy\" decoding=\"async\" width=\"150\" height=\"150\" src=\"https:\/\/sinbi.org.br\/noticias\/wp-content\/uploads\/2024\/06\/Manha-Empresarial-13-06-SELEC-2-150x150.jpeg\" class=\"attachment-thumbnail size-thumbnail\" alt=\"\" srcset=\"https:\/\/sinbi.org.br\/noticias\/wp-content\/uploads\/2024\/06\/Manha-Empresarial-13-06-SELEC-2-150x150.jpeg 150w, https:\/\/sinbi.org.br\/noticias\/wp-content\/uploads\/2024\/06\/Manha-Empresarial-13-06-SELEC-2-60x60.jpeg 60w, https:\/\/sinbi.org.br\/noticias\/wp-content\/uploads\/2024\/06\/Manha-Empresarial-13-06-SELEC-2-400x400.jpeg 400w\" sizes=\"(max-width: 150px) 100vw, 150px\" \/><\/a>\n\t\t\t<\/dt><\/dl><br style=\"clear: both\" \/><dl class='gallery-item'>\n\t\t\t<dt class='gallery-icon landscape'>\n\t\t\t\t<a href='https:\/\/sinbi.org.br\/noticias\/wp-content\/uploads\/2024\/06\/Manha-Empresarial-13-06-SELEC-1.jpeg'><img loading=\"lazy\" decoding=\"async\" width=\"150\" height=\"150\" src=\"https:\/\/sinbi.org.br\/noticias\/wp-content\/uploads\/2024\/06\/Manha-Empresarial-13-06-SELEC-1-150x150.jpeg\" class=\"attachment-thumbnail size-thumbnail\" alt=\"\" srcset=\"https:\/\/sinbi.org.br\/noticias\/wp-content\/uploads\/2024\/06\/Manha-Empresarial-13-06-SELEC-1-150x150.jpeg 150w, https:\/\/sinbi.org.br\/noticias\/wp-content\/uploads\/2024\/06\/Manha-Empresarial-13-06-SELEC-1-60x60.jpeg 60w, https:\/\/sinbi.org.br\/noticias\/wp-content\/uploads\/2024\/06\/Manha-Empresarial-13-06-SELEC-1-400x400.jpeg 400w\" sizes=\"(max-width: 150px) 100vw, 150px\" \/><\/a>\n\t\t\t<\/dt><\/dl><dl class='gallery-item'>\n\t\t\t<dt class='gallery-icon landscape'>\n\t\t\t\t<a href='https:\/\/sinbi.org.br\/noticias\/wp-content\/uploads\/2024\/06\/Manha-Empresarial-13-06-SELEC-5.jpeg'><img loading=\"lazy\" decoding=\"async\" width=\"150\" height=\"150\" src=\"https:\/\/sinbi.org.br\/noticias\/wp-content\/uploads\/2024\/06\/Manha-Empresarial-13-06-SELEC-5-150x150.jpeg\" class=\"attachment-thumbnail size-thumbnail\" alt=\"\" srcset=\"https:\/\/sinbi.org.br\/noticias\/wp-content\/uploads\/2024\/06\/Manha-Empresarial-13-06-SELEC-5-150x150.jpeg 150w, https:\/\/sinbi.org.br\/noticias\/wp-content\/uploads\/2024\/06\/Manha-Empresarial-13-06-SELEC-5-60x60.jpeg 60w, https:\/\/sinbi.org.br\/noticias\/wp-content\/uploads\/2024\/06\/Manha-Empresarial-13-06-SELEC-5-400x400.jpeg 400w\" sizes=\"(max-width: 150px) 100vw, 150px\" \/><\/a>\n\t\t\t<\/dt><\/dl>\n\t\t\t<br style='clear: both' \/>\n\t\t<\/div>\n\n","protected":false},"excerpt":{"rendered":"<p>No dia 13 de junho de 2024, ocorreu o evento &#8220;Manh\u00e3 Empresarial: Conex\u00f5es Estrat\u00e9gicas&#8221;, voltado para empres\u00e1rios e gestores de Recursos Humanos. Realizado pelo SINBI, UNISINBI e SENAI, o encontro foi um sucesso ao abordar a integra\u00e7\u00e3o de menores aprendizes nas empresas e os benef\u00edcios dessa pr\u00e1tica para o desenvolvimento [&hellip;]<\/p>\n","protected":false},"author":8,"featured_media":25628,"comment_status":"open","ping_status":"open","sticky":false,"template":"","format":"standard","meta":{"footnotes":""},"categories":[1],"tags":[],"_links":{"self":[{"href":"https:\/\/sinbi.org.br\/noticias\/wp-json\/wp\/v2\/posts\/25624"}],"collection":[{"href":"https:\/\/sinbi.org.br\/noticias\/wp-json\/wp\/v2\/posts"}],"about":[{"href":"https:\/\/sinbi.org.br\/noticias\/wp-json\/wp\/v2\/types\/post"}],"author":[{"embeddable":true,"href":"https:\/\/sinbi.org.br\/noticias\/wp-json\/wp\/v2\/users\/8"}],"replies":[{"embeddable":true,"href":"https:\/\/sinbi.org.br\/noticias\/wp-json\/wp\/v2\/comments?post=25624"}],"version-history":[{"count":1,"href":"https:\/\/sinbi.org.br\/noticias\/wp-json\/wp\/v2\/posts\/25624\/revisions"}],"predecessor-version":[{"id":25630,"href":"https:\/\/sinbi.org.br\/noticias\/wp-json\/wp\/v2\/posts\/25624\/revisions\/25630"}],"wp:featuredmedia":[{"embeddable":true,"href":"https:\/\/sinbi.org.br\/noticias\/wp-json\/wp\/v2\/media\/25628"}],"wp:attachment":[{"href":"https:\/\/sinbi.org.br\/noticias\/wp-json\/wp\/v2\/media?parent=25624"}],"wp:term":[{"taxonomy":"category","embeddable":true,"href":"https:\/\/sinbi.org.br\/noticias\/wp-json\/wp\/v2\/categories?post=25624"},{"taxonomy":"post_tag","embeddable":true,"href":"https:\/\/sinbi.org.br\/noticias\/wp-json\/wp\/v2\/tags?post=25624"}],"curies":[{"name":"wp","href":"https:\/\/api.w.org\/{rel}","templated":true}]}}